{"id":222,"date":"2023-09-20T13:58:44","date_gmt":"2023-09-20T11:58:44","guid":{"rendered":"https:\/\/fs-france.com\/?p=222"},"modified":"2023-09-20T14:03:13","modified_gmt":"2023-09-20T12:03:13","slug":"le-ministre-de-lindustrie-roland-lescure-annonce-au-prototype-fsf2023","status":"publish","type":"post","link":"https:\/\/v1.fs-france.com\/?p=222","title":{"rendered":"Le Ministre de l&rsquo;Industrie Roland LESCURE annonc\u00e9 au prototype FSF&rsquo;2023"},"content":{"rendered":"\n<div class=\"wp-block-group is-nowrap is-layout-flex wp-container-core-group-is-layout-6c531013 wp-block-group-is-layout-flex\">\n<div class=\"wp-block-group is-vertical is-layout-flex wp-container-core-group-is-layout-fe9cc265 wp-block-group-is-layout-flex\">\n<p>La comp\u00e9tition nationale de \u00ab\u00a0mobilit\u00e9 \u00e9cologique\u00a0\u00bb&nbsp;<strong>Formula Student France<\/strong>&nbsp;d\u00e9marre cette ann\u00e9e en France sur les chapeaux de roues et accueille les \u00e9quipes fran\u00e7aises du FSF les&nbsp;<strong>13 et 14 octobre prochains<\/strong>.<\/p>\n\n\n\n<p>Initi\u00e9e gr\u00e2ce \u00e0 la volont\u00e9 conjointe de\u00a0<strong>15 \u00e9curies estudiantines<\/strong>\u00a0de Grandes Ecoles et Universit\u00e9s fran\u00e7aises et amorc\u00e9e par un financement d\u00e9terminant du Programme d&rsquo;Investissement d&rsquo;Avenir PIA4 <sup data-fn=\"2728770a-e304-4683-83b9-0de2b19c691d\" class=\"fn\"><a href=\"#2728770a-e304-4683-83b9-0de2b19c691d\" id=\"2728770a-e304-4683-83b9-0de2b19c691d-link\">1<\/a><\/sup> \u00a0pilot\u00e9 par le Commissaire de la R\u00e9publique Bruno BONNELL, ancien d\u00e9put\u00e9 du Rh\u00f4ne, cette\u00a0<strong>comp\u00e9tition d&rsquo;ing\u00e9nierie m\u00e9catronique<\/strong>\u00a0&#8211; de haut niveau technique et scientifique &#8211; s&rsquo;installe \u00e0 Lyon sur le site de\u00a0<a href=\"https:\/\/transpolis.fr\/fr\/\">TRANSPOLIS<\/a>, le Centre d&rsquo;essais pour l&rsquo;innovation et la s\u00e9curit\u00e9 automobile.<\/p>\n\n\n\n<p>Le&nbsp;<strong>Ministre de l&rsquo;Industrie Roland LESCURE<\/strong>&nbsp;est annonc\u00e9 pour le lancement de la Comp\u00e9tition FSF&rsquo;2023 le Vendredi \u00e0 14h00,<\/p>\n\n\n\n<p>Une fois n&rsquo;est pas coutume, le Ministre de l&rsquo;Industrie \u00e9tait \u00e0 Lyon ce Vendredi 15 septembre pour encourager la&nbsp;<a href=\"https:\/\/www.worldskills-france.org\/\">comp\u00e9tition WorldSkills<\/a>&nbsp;des&nbsp;<strong>jeunes Professionnels<\/strong>&nbsp;&#8211;&nbsp;<em>cf Fig. 1<\/em>.<\/p>\n\n\n\n<p>Il a notamment pu s&rsquo;entretenir avec&nbsp;<strong>Philippe PIATON<\/strong>, Pr\u00e9sident de l&rsquo;Association ACTO FS France, qui l&rsquo;a accueilli sur le stand de l&rsquo;UIMM pour proposer \u00e0 notre ministre &#8211; par ailleurs ing\u00e9nieur dipl\u00f4m\u00e9 de l&rsquo;Ecole Polytechnique &#8211; de monter son robot p\u00e9dagogique d&rsquo;accueil &#8211;&nbsp;<em>cf Fig. 2<\/em>.<\/p>\n\n\n\n<p>Occasion de s&rsquo;apercevoir qu&rsquo;un pilote a encore des vertus pour faire avancer un&nbsp;<strong>v\u00e9hicule \u00e9lectrique de comp\u00e9tition<\/strong>&nbsp;face \u00e0 un robot roulant&nbsp;<em>driverless<\/em>.<\/p>\n\n\n\n<p>A bient\u00f4t les 13\/14 Octobre prochain \u00e0 TRANSPOLIS avec le Ministre&nbsp;!<\/p>\n\n\n\n<h4 class=\"wp-block-heading\">Cabinet du Ministre de l&rsquo;Industrie Roland LESCURE en 2023<\/h4>\n\n\n\n<p>Suite \u00e0 l&rsquo;annonce de la venue du Ministre de l&rsquo;Industrie Roland LESCURE, conna\u00eetre la composition de son cabinet permettra identifier certains acteurs-cl\u00e9s potentiellement pr\u00e9sents lors de l&rsquo;<strong>avant-premi\u00e8re du FS France 2023<\/strong>, notamment&nbsp;:<\/p>\n\n\n\n<ul class=\"wp-block-list\">\n<li><strong>Adrienne BROTONS&nbsp;:<\/strong>&nbsp;Directrice de cabinet,<\/li>\n\n\n\n<li><strong>Karen SARANGA&nbsp;:<\/strong>&nbsp;Conseill\u00e8re strat\u00e9gie, presse et communication,<\/li>\n\n\n\n<li><strong>Pierre JANISZEWSKI&nbsp;:<\/strong>&nbsp;Conseiller \u00e9nergie et sobri\u00e9t\u00e9,<\/li>\n\n\n\n<li><strong>Johann FAURE&nbsp;<\/strong>Conseiller automobile, ferroviaire et relocalisation.<\/li>\n<\/ul>\n\n\n\n<p>En savoir plus sur&nbsp;<a href=\"https:\/\/www.economie.gouv.fr\/ministres\/roland-lescure#cabinet\">Roland LESCURE et son cabinet<\/a><\/p>\n\n\n\n<p><strong>Contact Presse&nbsp;:<\/strong>&nbsp;O\u00efana CARETTI &#8211; 06 58 88 08 47 &#8211; actofs.france@gmail.com<\/p>\n<\/div>\n\n\n\n<div class=\"wp-block-group is-vertical is-layout-flex wp-container-core-group-is-layout-fe9cc265 wp-block-group-is-layout-flex\">\n<figure class=\"wp-block-image size-full\"><img loading=\"lazy\" decoding=\"async\" width=\"1021\" height=\"810\" src=\"https:\/\/fs-france.com\/wp-content\/uploads\/2023\/09\/Ministre1.png\" alt=\"\" class=\"wp-image-223\" srcset=\"https:\/\/v1.fs-france.com\/wp-content\/uploads\/2023\/09\/Ministre1.png 1021w, https:\/\/v1.fs-france.com\/wp-content\/uploads\/2023\/09\/Ministre1-300x238.png 300w, https:\/\/v1.fs-france.com\/wp-content\/uploads\/2023\/09\/Ministre1-768x609.png 768w\" sizes=\"auto, (max-width: 1021px) 100vw, 1021px\" \/><figcaption class=\"wp-element-caption\">Fig. 1\u00a0: Le Ministre de l&rsquo;Industrie Roland LESCURE accueilli par Philippe PIATON, Pr\u00e9sident de l&rsquo;Association ACTO FS France.<\/figcaption><\/figure>\n\n\n\n<figure class=\"wp-block-image size-full\"><img loading=\"lazy\" decoding=\"async\" width=\"800\" height=\"928\" src=\"https:\/\/fs-france.com\/wp-content\/uploads\/2023\/09\/800px-Ministre2.png\" alt=\"\" class=\"wp-image-224\" srcset=\"https:\/\/v1.fs-france.com\/wp-content\/uploads\/2023\/09\/800px-Ministre2.png 800w, https:\/\/v1.fs-france.com\/wp-content\/uploads\/2023\/09\/800px-Ministre2-259x300.png 259w, https:\/\/v1.fs-france.com\/wp-content\/uploads\/2023\/09\/800px-Ministre2-768x891.png 768w\" sizes=\"auto, (max-width: 800px) 100vw, 800px\" \/><figcaption class=\"wp-element-caption\">Fig. 2\u00a0: Le Ministre en train de monter son robot p\u00e9dagogique d&rsquo;accueil sur le stand IUMM de la comp\u00e9tition des WorldSkills \u00e0 Lyon.<\/figcaption><\/figure>\n<\/div>\n<\/div>\n\n\n<ol class=\"wp-block-footnotes\"><li id=\"2728770a-e304-4683-83b9-0de2b19c691d\">Programme d&rsquo;Investissement fran\u00e7ais, tourn\u00e9 vers la transition \u00e9cologique et \u00e9nerg\u00e9tique. <a href=\"#2728770a-e304-4683-83b9-0de2b19c691d-link\" aria-label=\"Aller \u00e0 la note de bas de page 1\">\u21a9\ufe0e<\/a><\/li><\/ol>","protected":false},"excerpt":{"rendered":"<p>La comp\u00e9tition nationale de \u00ab\u00a0mobilit\u00e9 \u00e9cologique\u00a0\u00bb&nbsp;Formula Student France&nbsp;d\u00e9marre cette ann\u00e9e en France sur les chapeaux de roues et accueille les \u00e9quipes fran\u00e7aises du FSF les&nbsp;13 et 14 octobre prochains. Initi\u00e9e gr\u00e2ce \u00e0 la volont\u00e9 conjointe de\u00a015 \u00e9curies estudiantines\u00a0de Grandes Ecoles et Universit\u00e9s fran\u00e7aises et amorc\u00e9e par un financement d\u00e9terminant du Programme d&rsquo;Investissement d&rsquo;Avenir PIA4 \u00a0pilot\u00e9 [&hellip;]<\/p>\n","protected":false},"author":1,"featured_media":0,"comment_status":"closed","ping_status":"open","sticky":false,"template":"","format":"standard","meta":{"footnotes":"[{\"content\":\"Programme d'Investissement fran\u00e7ais, tourn\u00e9 vers la transition \u00e9cologique et \u00e9nerg\u00e9tique.\",\"id\":\"2728770a-e304-4683-83b9-0de2b19c691d\"}]"},"categories":[1],"tags":[],"class_list":["post-222","post","type-post","status-publish","format-standard","hentry","category-non-classe"],"_links":{"self":[{"href":"https:\/\/v1.fs-france.com\/index.php?rest_route=\/wp\/v2\/posts\/222","targetHints":{"allow":["GET"]}}],"collection":[{"href":"https:\/\/v1.fs-france.com\/index.php?rest_route=\/wp\/v2\/posts"}],"about":[{"href":"https:\/\/v1.fs-france.com\/index.php?rest_route=\/wp\/v2\/types\/post"}],"author":[{"embeddable":true,"href":"https:\/\/v1.fs-france.com\/index.php?rest_route=\/wp\/v2\/users\/1"}],"replies":[{"embeddable":true,"href":"https:\/\/v1.fs-france.com\/index.php?rest_route=%2Fwp%2Fv2%2Fcomments&post=222"}],"version-history":[{"count":1,"href":"https:\/\/v1.fs-france.com\/index.php?rest_route=\/wp\/v2\/posts\/222\/revisions"}],"predecessor-version":[{"id":225,"href":"https:\/\/v1.fs-france.com\/index.php?rest_route=\/wp\/v2\/posts\/222\/revisions\/225"}],"wp:attachment":[{"href":"https:\/\/v1.fs-france.com\/index.php?rest_route=%2Fwp%2Fv2%2Fmedia&parent=222"}],"wp:term":[{"taxonomy":"category","embeddable":true,"href":"https:\/\/v1.fs-france.com\/index.php?rest_route=%2Fwp%2Fv2%2Fcategories&post=222"},{"taxonomy":"post_tag","embeddable":true,"href":"https:\/\/v1.fs-france.com\/index.php?rest_route=%2Fwp%2Fv2%2Ftags&post=222"}],"curies":[{"name":"wp","href":"https:\/\/api.w.org\/{rel}","templated":true}]}}